[{"@context":"https:\/\/schema.org\/","@type":"Article","@id":"https:\/\/www.svabove.cz\/automobil-21-stoleti\/#Article","mainEntityOfPage":"https:\/\/www.svabove.cz\/automobil-21-stoleti\/","headline":"Automobil 21. stolet\u00ed","name":"Automobil 21. stolet\u00ed","description":"Doba modern\u00ed \u0161la oproti dob\u00e1m minul\u00fd jist\u011b kup\u0159edu. Samoz\u0159ejm\u011b, \u017ee je to dob\u0159e, av\u0161ak n\u011bkdy by mo\u017en\u00e1 bylo lep\u0161\u00ed, kdyby ten v\u00fdvoj \u0161el o n\u011bco &hellip; ","datePublished":"2020-02-23","dateModified":"2023-06-01","author":{"@type":"Person","@id":"https:\/\/www.svabove.cz\/author\/#Person","name":"","url":"https:\/\/www.svabove.cz\/author\/","identifier":1,"image":{"@type":"ImageObject","@id":"https:\/\/secure.gravatar.com\/avatar\/1fd5b20daa9a47a1102459a7c733d369075d8cc724ab489feb8ed72c657d346e?s=96&d=mm&r=g","url":"https:\/\/secure.gravatar.com\/avatar\/1fd5b20daa9a47a1102459a7c733d369075d8cc724ab489feb8ed72c657d346e?s=96&d=mm&r=g","height":96,"width":96}},"publisher":{"@type":"Organization","name":"svabove.cz","logo":{"@type":"ImageObject","@id":"\/logo.png","url":"\/logo.png","width":600,"height":60}},"image":{"@type":"ImageObject","@id":"https:\/\/www.svabove.cz\/wp-content\/uploads\/img_a375302_w1889_t1587027988.jpg","url":"https:\/\/www.svabove.cz\/wp-content\/uploads\/img_a375302_w1889_t1587027988.jpg","height":0,"width":0},"url":"https:\/\/www.svabove.cz\/automobil-21-stoleti\/","about":["M\u00f3da"],"wordCount":421,"articleBody":"       Doba modern\u00ed \u0161la oproti dob\u00e1m minul\u00fd jist\u011b kup\u0159edu. Samoz\u0159ejm\u011b, \u017ee je to dob\u0159e, av\u0161ak n\u011bkdy by mo\u017en\u00e1 bylo lep\u0161\u00ed, kdyby ten v\u00fdvoj \u0161el o n\u011bco pomaleji, jeliko\u017e v tom p\u0159\u00edpad\u011b bychom nemuseli  http:\/\/www.ceskatelevize.cz\/ct24\/archiv\/1164067-aby-nakonec-nemuseli-zebrati a\u017e tak sp\u011bchat. Na druhou stranu se v\u0161ak najdou n\u011bjak\u00e9 situace, v r\u00e1mci kter\u00fdch je pokrok velmi v\u00edtan\u00fd. Jedn\u00e1 se o situace, kter\u00e9 jsou spjaty zejm\u00e9na se sv\u011btem automobil\u016f, jeliko\u017e pr\u00e1v\u011b zde je v\u00fdvoj velmi \u017e\u00e1dan\u00fd. P\u0159eci jen automobily usnad\u0148uj\u00ed n\u00e1m v\u0161em ka\u017edodenn\u00ed \u017eivot, jeliko\u017e d\u00edky nim je p\u0159eprava lid\u00ed mnohem snadn\u011bj\u0161\u00ed? A jak\u00e9 jsou dal\u0161\u00ed pokroky v t\u00e9to oblasti? Velmi velkou v\u00fdhodu p\u0159edstavuje zaveden\u00ed GPS do automobil\u016f, d\u00e1le pak elektrick\u00e9 ovl\u00e1d\u00e1n\u00ed automobily, a tak\u00e9 senzory pohybu, kter\u00e9 usnad\u0148uj\u00ed v\u0161em \u0159idi\u010d\u016fm parkov\u00e1n\u00ed. Av\u0161ak v sou\u010dasnosti je velmi \u017e\u00e1dan\u00fdm vybaven\u00edm je\u0161t\u011b jedna v\u011bc. Jedn\u00e1 se o ta\u017en\u00e9 za\u0159\u00edzen\u00ed pro Ford Focus, a vlastn\u011b i pro jak\u00e9koliv dal\u0161\u00ed automobily. Pr\u00e1v\u011b tato vychyt\u00e1vka umo\u017e\u0148uje p\u0159epravu velk\u00e9ho mno\u017estv\u00ed v\u011bc\u00ed bez zbyte\u010dn\u00fdch komplikac\u00ed. Za pomoci elektrokabel\u00e1\u017ee toti\u017e p\u0159ipoj\u00edte kar\u016f k va\u0161emu autu, a t\u00edm m\u00e1te ve sv\u00e9 podstat\u011b vyhr\u00e1no. Je v\u0161ak d\u016fle\u017eit\u00e9 d\u00e1t si pozor na to, aby fungovala synchronizace automobilu s k\u00e1rou. Tuto v\u011bc pozn\u00e1me tak, \u017ee kdy\u017e zm\u00e1\u010dkneme v aut\u011b tla\u010d\u00edtko v\u00fdstra\u017en\u00fdch sv\u011btel, tak budou blikat nejen na aut\u011b, ale i na k\u00e1\u0159e. Jist\u011b tohoto pomocn\u00edka velmi dob\u0159e vyu\u017eijete, jeliko\u017e v\u011bc\u00ed, kter\u00e9 m\u016f\u017eete p\u0159ev\u00e1\u017eet na k\u00e1\u0159e, existuje opravdu nespo\u010det. M\u016f\u017eete kup\u0159\u00edkladu st\u011bhovat n\u00e1bytek na chatu, p\u0159ev\u00e1\u017eet d\u0159\u00edv\u00ed z lesa na v\u00e1\u0161 dv\u016fr, nebo v\u00e9st seka\u010dku do opravy. Je tak tedy jen a jen na v\u00e1s, jak tuto mo\u017enost vyu\u017eijete. Je tak tedy vid\u011bt, \u017ee n\u00e1m dne\u0161n\u00ed doba nab\u00edz\u00ed r\u016fznorod\u00e9 mo\u017enosti, i kdy\u017e se to tak na prvn\u00ed pohled nemus\u00ed zd\u00e1t. D\u00edky tomu si tak tedy mus\u00edme uv\u011bdomit, \u017ee je nutn\u00e9 v na\u0161ich \u017eivotech hledat sp\u00ed\u0161e pozitiva, ne\u017eli negativa. P\u0159eci jen, s \u00fasm\u011bvem se v\u0161echno zvl\u00e1dne l\u00e9pe!                                                                                                                                                                                                                                                                                                                                                                                          4\/5 - (6 votes)        "},{"@context":"https:\/\/schema.org\/","@type":"BreadcrumbList","itemListElement":[{"@type":"ListItem","position":1,"name":"Automobil 21. stolet\u00ed","item":"https:\/\/www.svabove.cz\/automobil-21-stoleti\/#breadcrumbitem"}]}]