[{"@context":"https:\/\/schema.org\/","@type":"Article","@id":"https:\/\/www.svabove.cz\/premyslite-o-vnitrni-uprave-sten\/#Article","mainEntityOfPage":"https:\/\/www.svabove.cz\/premyslite-o-vnitrni-uprave-sten\/","headline":"P\u0159em\u00fd\u0161l\u00edte o vnit\u0159n\u00ed \u00faprav\u011b st\u011bn?","name":"P\u0159em\u00fd\u0161l\u00edte o vnit\u0159n\u00ed \u00faprav\u011b st\u011bn?","description":"Nejd\u016fle\u017eit\u011bj\u0161\u00ed z hlediska ob\u00fdv\u00e1n\u00ed d\u0159evostavby je pro u\u017eivatele samoz\u0159ejm\u011b vnit\u0159n\u00ed proveden\u00ed. N\u011bkdo vol\u00ed t\u0159eba \u201esrubov\u00fd\u201c vzhled, n\u011bkdo prost\u00e1 sesazen\u00e1 prkna, jin\u00fd d\u00e1 p\u0159ednost klasick\u00fdm palubk\u00e1m. &hellip; ","datePublished":"2025-03-04","dateModified":"2025-03-04","author":{"@type":"Person","@id":"https:\/\/www.svabove.cz\/author\/#Person","name":"","url":"https:\/\/www.svabove.cz\/author\/","identifier":1,"image":{"@type":"ImageObject","@id":"https:\/\/secure.gravatar.com\/avatar\/1fd5b20daa9a47a1102459a7c733d369075d8cc724ab489feb8ed72c657d346e?s=96&d=mm&r=g","url":"https:\/\/secure.gravatar.com\/avatar\/1fd5b20daa9a47a1102459a7c733d369075d8cc724ab489feb8ed72c657d346e?s=96&d=mm&r=g","height":96,"width":96}},"publisher":{"@type":"Organization","name":"svabove.cz","logo":{"@type":"ImageObject","@id":"\/logo.png","url":"\/logo.png","width":600,"height":60}},"url":"https:\/\/www.svabove.cz\/premyslite-o-vnitrni-uprave-sten\/","wordCount":194,"articleBody":"Nejd\u016fle\u017eit\u011bj\u0161\u00ed z hlediska ob\u00fdv\u00e1n\u00ed d\u0159evostavby je pro u\u017eivatele samoz\u0159ejm\u011b vnit\u0159n\u00ed proveden\u00ed. N\u011bkdo vol\u00ed t\u0159eba \u201esrubov\u00fd\u201c vzhled, n\u011bkdo prost\u00e1 sesazen\u00e1 prkna, jin\u00fd d\u00e1 p\u0159ednost klasick\u00fdm palubk\u00e1m. Ka\u017ed\u00e9 \u0159e\u0161en\u00ed m\u00e1 n\u011bco do sebe a z\u00e1le\u017e\u00ed jen na v\u00e1s, \u010demu d\u00e1te p\u0159ednost.Nezapome\u0148te \u0159\u00e1dn\u011b d\u0159evo o\u0161et\u0159itJe p\u0159irozen\u00e9, \u017ee d\u0159evo se ned\u00e1 pou\u017e\u00edt jen tak hol\u00e9, pouze ohoblovan\u00e9. Pokud m\u00e1 b\u00fdt stavba nejen hezk\u00e1, ale i dostate\u010dn\u011b trvanliv\u00e1, je t\u0159eba ji o\u0161et\u0159it. Nejen proti mo\u017en\u00e9mu napaden\u00ed parazity, jako jsou t\u0159eba \u010dervoto\u010di, ale tak\u00e9 p\u0159ed napaden\u00edm houbami \u010di pl\u00edsn\u011bmi. Existuje na to dostate\u010dn\u00e9 mno\u017estv\u00ed spolehliv\u00fdch prost\u0159edk\u016f. Zrovna tak na vn\u011bj\u0161\u00ed o\u0161et\u0159en\u00ed co se t\u00fdk\u00e1 vzhledu. M\u016f\u017eete pou\u017e\u00edt samoz\u0159ejm\u011b r\u016fzn\u00e9 lazury, ale pro uchov\u00e1n\u00ed nejp\u0159irozen\u011bj\u0161\u00edho vzhledu nejsou asi nejvhodn\u011bj\u0161\u00ed bezbarv\u00e9 laky, p\u0159\u00edpadn\u011b vosky, kter\u00fdmi se d\u0159evo o\u0161et\u0159\u00ed, aby si uchovalo p\u0159irozen\u00fd vzhled a to dlouhodob\u011b.                                                                                                                                                                                                                                                                                                                                                                                                "},{"@context":"https:\/\/schema.org\/","@type":"BreadcrumbList","itemListElement":[{"@type":"ListItem","position":1,"name":"P\u0159em\u00fd\u0161l\u00edte o vnit\u0159n\u00ed \u00faprav\u011b st\u011bn?","item":"https:\/\/www.svabove.cz\/premyslite-o-vnitrni-uprave-sten\/#breadcrumbitem"}]}]